{"id":9085,"date":"2025-09-03T08:52:06","date_gmt":"2025-09-03T08:52:06","guid":{"rendered":"https:\/\/specialsurf78.com\/?p=9085"},"modified":"2025-09-03T13:51:01","modified_gmt":"2025-09-03T13:51:01","slug":"o-outono-em-peniche-um-convite-ao-surf","status":"publish","type":"post","link":"https:\/\/specialsurf78.com\/de\/o-outono-em-peniche-um-convite-ao-surf\/","title":{"rendered":"Herbstsurfen in Peniche: Eine besondere Jahreszeit f\u00fcr Wellen"},"content":{"rendered":"<div data-elementor-type=\"wp-post\" data-elementor-id=\"9085\" class=\"elementor elementor-9085\" data-elementor-post-type=\"post\">\n\t\t\t\t\t\t<section class=\"elementor-section elementor-top-section elementor-element elementor-element-56b2408 elementor-section-boxed elementor-section-height-default elementor-section-height-default\" data-id=\"56b2408\" data-element_type=\"section\" data-e-type=\"section\">\n\t\t\t\t\t\t<div class=\"elementor-container elementor-column-gap-default\">\n\t\t\t\t\t<div class=\"elementor-column elementor-col-100 elementor-top-column elementor-element elementor-element-6bfe2e2\" data-id=\"6bfe2e2\" data-element_type=\"column\" data-e-type=\"column\">\n\t\t\t<div class=\"elementor-widget-wrap elementor-element-populated\">\n\t\t\t\t\t\t<div class=\"elementor-element elementor-element-088aa62 elementor-widget elementor-widget-text-editor\" data-id=\"088aa62\" data-element_type=\"widget\" data-e-type=\"widget\" data-widget_type=\"text-editor.default\">\n\t\t\t\t<div class=\"elementor-widget-container\">\n\t\t\t\t\t\t\t\t\t<p dir=\"ltr\"><span>Wenn der Sommer sich verabschiedet, bekommt Peniche eine einzigartige Atmosph\u00e4re. Die Str\u00e4nde werden ruhiger, goldenes Licht beleuchtet das Meer und der Rhythmus der Stadt verlangsamt sich. F\u00fcr viele ist dies das Ende der Hochsaison. F\u00fcr Surfer hingegen beginnt eine der besten Jahreszeiten: der Herbst.<\/span><\/p><h5 dir=\"ltr\"><span>Konstante Wellen und weniger Menschen<\/span><\/h5><p dir=\"ltr\"><span>Der Nordatlantik schickt seine ersten regelm\u00e4\u00dfigen und kr\u00e4ftigen Swells. Die starken Sommerwinde \u201eNortada\u201c lassen nach, was zu glatten und sauberen Surfbedingungen f\u00fchrt.<\/span><span>,\u00a0<\/span><span>onde os fortes ventos &#8220;Nortada&#8221; de ver\u00e3o diminuem, resultando em condi\u00e7\u00e3o de mar mais glassy e limpa.\u00a0<\/span><\/p><p dir=\"ltr\"><span>Die Vielfalt der Str\u00e4nde erlaubt es, immer den richtigen Spot zu w\u00e4hlen: Supertubos f\u00fcr Fortgeschrittene oder die Bucht, ideal f\u00fcr Anf\u00e4nger und Mittelstufe.<\/span><\/p><p dir=\"ltr\"><span>Ein weiterer Vorteil ist weniger Andrang. Nach dem Sommer gibt es mehr Platz im Wasser, mehr Wellen, mehr Sicherheit und eine entspannte Umgebung, um zu lernen oder Fortschritte zu machen.<\/span><\/p><p dir=\"ltr\"><span>Hochkar\u00e4tige Surfevents: Das ikonische MEO Rip Curl Pro Portugal findet ab 2026 wieder im Oktober am Strand von Supertubos statt und bringt eine lebendige und inspirierende Atmosph\u00e4re.<\/span><span><br \/><\/span><\/p><h5 dir=\"ltr\"><span>Das Surfen im Herbst erleben<\/span><\/h5><p dir=\"ltr\"><span>Surfen in dieser Jahreszeit bedeutet nicht nur Wellen. Es geht darum, Stadt und Meer anders zu erleben. Morgens kann leichter Nebel aufziehen, der bald verschwindet und den klaren Himmel freigibt.\u00a0<\/span><\/p><p dir=\"ltr\"><span>Oktober bietet noch angenehme Temperaturen: Das Wasser bleibt bis November warm, sodass mit dem richtigen Neoprenanzug perfekte Bedingungen zum Surfen herrschen.<\/span><\/p><p dir=\"ltr\"><span>\"Insgesamt ist die beste Zeit zum Surfen in Peniche der Herbst\u2026\u201c \u2014 eine g\u00e4ngige Meinung von Einheimischen und Besuchern.<\/span><\/p><h5 dir=\"ltr\"><span>Entdecke den Herbst in Peniche<\/span><\/h5><p dir=\"ltr\"><span>Ob du deine ersten Schritte machst oder Man\u00f6ver perfektionierst, der Herbst ist die richtige Zeit f\u00fcr diese Erfahrung. Peniche mit seiner einzigartigen Energie und weltbekannten Wellen erwartet dich.<\/span><\/p><p dir=\"ltr\"><span>Buche jetzt deine Stunde und sp\u00fcre die Magie des Herbstes im Wasser!<\/span><\/p>\t\t\t\t\t\t\t\t<\/div>\n\t\t\t\t<\/div>\n\t\t\t\t\t<\/div>\n\t\t<\/div>\n\t\t\t\t\t<\/div>\n\t\t<\/section>\n\t\t\t\t<\/div>","protected":false},"excerpt":{"rendered":"<p>Quando o ver\u00e3o se despede, Peniche ganha uma atmosfera \u00fanica. As praias ficam mais tranquilas, a luz dourada ilumina o mar e o ritmo da cidade abranda. Para muitos, \u00e9 o fim da \u00e9poca alta. Para os surfistas, por\u00e9m, \u00e9 o in\u00edcio de uma das melhores fases do ano: o outono. Ondas consistentes e menos [&hellip;]<\/p>\n","protected":false},"author":1,"featured_media":9090,"comment_status":"closed","ping_status":"closed","sticky":false,"template":"","format":"standard","meta":{"_joinchat":[],"footnotes":""},"categories":[4],"tags":[],"class_list":["post-9085","post","type-post","status-publish","format-standard","has-post-thumbnail","hentry","category-surf"],"yoast_head":"<!-- This site is optimized with the Yoast SEO plugin v27.5 - https:\/\/yoast.com\/product\/yoast-seo-wordpress\/ -->\n<title>specialsurf78 - Escola de Surf Peniche<\/title>\n<meta name=\"robots\" content=\"index, follow, max-snippet:-1, max-image-preview:large, max-video-preview:-1\" \/>\n<link rel=\"canonical\" href=\"https:\/\/specialsurf78.com\/de\/o-outono-em-peniche-um-convite-ao-surf\/\" \/>\n<meta property=\"og:locale\" content=\"de_DE\" \/>\n<meta property=\"og:type\" content=\"article\" \/>\n<meta property=\"og:title\" content=\"specialsurf78 - Escola de Surf Peniche\" \/>\n<meta property=\"og:description\" content=\"Quando o ver\u00e3o se despede, Peniche ganha uma atmosfera \u00fanica. As praias ficam mais tranquilas, a luz dourada ilumina o mar e o ritmo da cidade abranda. Para muitos, \u00e9 o fim da \u00e9poca alta. Para os surfistas, por\u00e9m, \u00e9 o in\u00edcio de uma das melhores fases do ano: o outono. Ondas consistentes e menos [&hellip;]\" \/>\n<meta property=\"og:url\" content=\"https:\/\/specialsurf78.com\/de\/o-outono-em-peniche-um-convite-ao-surf\/\" \/>\n<meta property=\"og:site_name\" content=\"specialsurf78\" \/>\n<meta property=\"article:publisher\" content=\"https:\/\/www.facebook.com\/specialsurf78\/\" \/>\n<meta property=\"article:published_time\" content=\"2025-09-03T08:52:06+00:00\" \/>\n<meta property=\"article:modified_time\" content=\"2025-09-03T13:51:01+00:00\" \/>\n<meta property=\"og:image\" content=\"https:\/\/specialsurf78.com\/wp-content\/uploads\/2025\/09\/P1507787.jpg\" \/>\n\t<meta property=\"og:image:width\" content=\"1920\" \/>\n\t<meta property=\"og:image:height\" content=\"1441\" \/>\n\t<meta property=\"og:image:type\" content=\"image\/jpeg\" \/>\n<meta name=\"author\" content=\"geral@controlink.pt\" \/>\n<meta name=\"twitter:card\" content=\"summary_large_image\" \/>\n<meta name=\"twitter:label1\" content=\"Verfasst von\" \/>\n\t<meta name=\"twitter:data1\" content=\"geral@controlink.pt\" \/>\n\t<meta name=\"twitter:label2\" content=\"Gesch\u00e4tzte Lesezeit\" \/>\n\t<meta name=\"twitter:data2\" content=\"2\u00a0Minuten\" \/>\n<script type=\"application\/ld+json\" class=\"yoast-schema-graph\">{\"@context\":\"https:\\\/\\\/schema.org\",\"@graph\":[{\"@type\":\"Article\",\"@id\":\"https:\\\/\\\/specialsurf78.com\\\/o-outono-em-peniche-um-convite-ao-surf\\\/#article\",\"isPartOf\":{\"@id\":\"https:\\\/\\\/specialsurf78.com\\\/o-outono-em-peniche-um-convite-ao-surf\\\/\"},\"author\":{\"name\":\"geral@controlink.pt\",\"@id\":\"https:\\\/\\\/specialsurf78.com\\\/pt\\\/#\\\/schema\\\/person\\\/8bff00df46a42d05dcc82b3086b0aa95\"},\"headline\":\"O Outono em Peniche: um convite ao surf\",\"datePublished\":\"2025-09-03T08:52:06+00:00\",\"dateModified\":\"2025-09-03T13:51:01+00:00\",\"mainEntityOfPage\":{\"@id\":\"https:\\\/\\\/specialsurf78.com\\\/o-outono-em-peniche-um-convite-ao-surf\\\/\"},\"wordCount\":358,\"publisher\":{\"@id\":\"https:\\\/\\\/specialsurf78.com\\\/pt\\\/#organization\"},\"image\":{\"@id\":\"https:\\\/\\\/specialsurf78.com\\\/o-outono-em-peniche-um-convite-ao-surf\\\/#primaryimage\"},\"thumbnailUrl\":\"https:\\\/\\\/specialsurf78.com\\\/wp-content\\\/uploads\\\/2025\\\/09\\\/P1507787.jpg\",\"articleSection\":[\"SURF\"],\"inLanguage\":\"de\"},{\"@type\":\"WebPage\",\"@id\":\"https:\\\/\\\/specialsurf78.com\\\/o-outono-em-peniche-um-convite-ao-surf\\\/\",\"url\":\"https:\\\/\\\/specialsurf78.com\\\/o-outono-em-peniche-um-convite-ao-surf\\\/\",\"name\":\"specialsurf78 - Escola de Surf Peniche\",\"isPartOf\":{\"@id\":\"https:\\\/\\\/specialsurf78.com\\\/pt\\\/#website\"},\"primaryImageOfPage\":{\"@id\":\"https:\\\/\\\/specialsurf78.com\\\/o-outono-em-peniche-um-convite-ao-surf\\\/#primaryimage\"},\"image\":{\"@id\":\"https:\\\/\\\/specialsurf78.com\\\/o-outono-em-peniche-um-convite-ao-surf\\\/#primaryimage\"},\"thumbnailUrl\":\"https:\\\/\\\/specialsurf78.com\\\/wp-content\\\/uploads\\\/2025\\\/09\\\/P1507787.jpg\",\"datePublished\":\"2025-09-03T08:52:06+00:00\",\"dateModified\":\"2025-09-03T13:51:01+00:00\",\"breadcrumb\":{\"@id\":\"https:\\\/\\\/specialsurf78.com\\\/o-outono-em-peniche-um-convite-ao-surf\\\/#breadcrumb\"},\"inLanguage\":\"de\",\"potentialAction\":[{\"@type\":\"ReadAction\",\"target\":[\"https:\\\/\\\/specialsurf78.com\\\/o-outono-em-peniche-um-convite-ao-surf\\\/\"]}]},{\"@type\":\"ImageObject\",\"inLanguage\":\"de\",\"@id\":\"https:\\\/\\\/specialsurf78.com\\\/o-outono-em-peniche-um-convite-ao-surf\\\/#primaryimage\",\"url\":\"https:\\\/\\\/specialsurf78.com\\\/wp-content\\\/uploads\\\/2025\\\/09\\\/P1507787.jpg\",\"contentUrl\":\"https:\\\/\\\/specialsurf78.com\\\/wp-content\\\/uploads\\\/2025\\\/09\\\/P1507787.jpg\",\"width\":1920,\"height\":1441},{\"@type\":\"BreadcrumbList\",\"@id\":\"https:\\\/\\\/specialsurf78.com\\\/o-outono-em-peniche-um-convite-ao-surf\\\/#breadcrumb\",\"itemListElement\":[{\"@type\":\"ListItem\",\"position\":1,\"name\":\"In\u00edcio\",\"item\":\"https:\\\/\\\/specialsurf78.com\\\/\"},{\"@type\":\"ListItem\",\"position\":2,\"name\":\"O Outono em Peniche: um convite ao surf\"}]},{\"@type\":\"WebSite\",\"@id\":\"https:\\\/\\\/specialsurf78.com\\\/pt\\\/#website\",\"url\":\"https:\\\/\\\/specialsurf78.com\\\/pt\\\/\",\"name\":\"specialsurf78\",\"description\":\"Peniche | Baleal | Escola de Surf\",\"publisher\":{\"@id\":\"https:\\\/\\\/specialsurf78.com\\\/pt\\\/#organization\"},\"potentialAction\":[{\"@type\":\"SearchAction\",\"target\":{\"@type\":\"EntryPoint\",\"urlTemplate\":\"https:\\\/\\\/specialsurf78.com\\\/pt\\\/?s={search_term_string}\"},\"query-input\":{\"@type\":\"PropertyValueSpecification\",\"valueRequired\":true,\"valueName\":\"search_term_string\"}}],\"inLanguage\":\"de\"},{\"@type\":\"Organization\",\"@id\":\"https:\\\/\\\/specialsurf78.com\\\/pt\\\/#organization\",\"name\":\"Special Surf 78\",\"url\":\"https:\\\/\\\/specialsurf78.com\\\/pt\\\/\",\"logo\":{\"@type\":\"ImageObject\",\"inLanguage\":\"de\",\"@id\":\"https:\\\/\\\/specialsurf78.com\\\/pt\\\/#\\\/schema\\\/logo\\\/image\\\/\",\"url\":\"https:\\\/\\\/specialsurf78.com\\\/wp-content\\\/uploads\\\/2021\\\/03\\\/logo_mail.png\",\"contentUrl\":\"https:\\\/\\\/specialsurf78.com\\\/wp-content\\\/uploads\\\/2021\\\/03\\\/logo_mail.png\",\"width\":200,\"height\":111,\"caption\":\"Special Surf 78\"},\"image\":{\"@id\":\"https:\\\/\\\/specialsurf78.com\\\/pt\\\/#\\\/schema\\\/logo\\\/image\\\/\"},\"sameAs\":[\"https:\\\/\\\/www.facebook.com\\\/specialsurf78\\\/\",\"https:\\\/\\\/www.instagram.com\\\/specialsurf78\\\/\",\"https:\\\/\\\/pt.linkedin.com\\\/in\\\/specialsurf78\",\"https:\\\/\\\/www.youtube.com\\\/user\\\/Specialsurf78\"]},{\"@type\":\"Person\",\"@id\":\"https:\\\/\\\/specialsurf78.com\\\/pt\\\/#\\\/schema\\\/person\\\/8bff00df46a42d05dcc82b3086b0aa95\",\"name\":\"geral@controlink.pt\",\"image\":{\"@type\":\"ImageObject\",\"inLanguage\":\"de\",\"@id\":\"https:\\\/\\\/secure.gravatar.com\\\/avatar\\\/8ba4334235354d01914616177ef7510adcbda565c054b8fb9d04835f8493c052?s=96&d=mm&r=g\",\"url\":\"https:\\\/\\\/secure.gravatar.com\\\/avatar\\\/8ba4334235354d01914616177ef7510adcbda565c054b8fb9d04835f8493c052?s=96&d=mm&r=g\",\"contentUrl\":\"https:\\\/\\\/secure.gravatar.com\\\/avatar\\\/8ba4334235354d01914616177ef7510adcbda565c054b8fb9d04835f8493c052?s=96&d=mm&r=g\",\"caption\":\"geral@controlink.pt\"},\"sameAs\":[\"https:\\\/\\\/specialsurf78.com\"]}]}<\/script>\n<!-- \/ Yoast SEO plugin. -->","yoast_head_json":{"title":"specialsurf78 - Peniche Surf School","robots":{"index":"index","follow":"follow","max-snippet":"max-snippet:-1","max-image-preview":"max-image-preview:large","max-video-preview":"max-video-preview:-1"},"canonical":"https:\/\/specialsurf78.com\/de\/o-outono-em-peniche-um-convite-ao-surf\/","og_locale":"de_DE","og_type":"article","og_title":"specialsurf78 - Escola de Surf Peniche","og_description":"Quando o ver\u00e3o se despede, Peniche ganha uma atmosfera \u00fanica. As praias ficam mais tranquilas, a luz dourada ilumina o mar e o ritmo da cidade abranda. Para muitos, \u00e9 o fim da \u00e9poca alta. Para os surfistas, por\u00e9m, \u00e9 o in\u00edcio de uma das melhores fases do ano: o outono. Ondas consistentes e menos [&hellip;]","og_url":"https:\/\/specialsurf78.com\/de\/o-outono-em-peniche-um-convite-ao-surf\/","og_site_name":"specialsurf78","article_publisher":"https:\/\/www.facebook.com\/specialsurf78\/","article_published_time":"2025-09-03T08:52:06+00:00","article_modified_time":"2025-09-03T13:51:01+00:00","og_image":[{"width":1920,"height":1441,"url":"https:\/\/specialsurf78.com\/wp-content\/uploads\/2025\/09\/P1507787.jpg","type":"image\/jpeg"}],"author":"geral@controlink.pt","twitter_card":"summary_large_image","twitter_misc":{"Verfasst von":"geral@controlink.pt","Gesch\u00e4tzte Lesezeit":"2\u00a0Minuten"},"schema":{"@context":"https:\/\/schema.org","@graph":[{"@type":"Article","@id":"https:\/\/specialsurf78.com\/o-outono-em-peniche-um-convite-ao-surf\/#article","isPartOf":{"@id":"https:\/\/specialsurf78.com\/o-outono-em-peniche-um-convite-ao-surf\/"},"author":{"name":"geral@controlink.pt","@id":"https:\/\/specialsurf78.com\/pt\/#\/schema\/person\/8bff00df46a42d05dcc82b3086b0aa95"},"headline":"O Outono em Peniche: um convite ao surf","datePublished":"2025-09-03T08:52:06+00:00","dateModified":"2025-09-03T13:51:01+00:00","mainEntityOfPage":{"@id":"https:\/\/specialsurf78.com\/o-outono-em-peniche-um-convite-ao-surf\/"},"wordCount":358,"publisher":{"@id":"https:\/\/specialsurf78.com\/pt\/#organization"},"image":{"@id":"https:\/\/specialsurf78.com\/o-outono-em-peniche-um-convite-ao-surf\/#primaryimage"},"thumbnailUrl":"https:\/\/specialsurf78.com\/wp-content\/uploads\/2025\/09\/P1507787.jpg","articleSection":["SURF"],"inLanguage":"de"},{"@type":"WebPage","@id":"https:\/\/specialsurf78.com\/o-outono-em-peniche-um-convite-ao-surf\/","url":"https:\/\/specialsurf78.com\/o-outono-em-peniche-um-convite-ao-surf\/","name":"specialsurf78 - Peniche Surf School","isPartOf":{"@id":"https:\/\/specialsurf78.com\/pt\/#website"},"primaryImageOfPage":{"@id":"https:\/\/specialsurf78.com\/o-outono-em-peniche-um-convite-ao-surf\/#primaryimage"},"image":{"@id":"https:\/\/specialsurf78.com\/o-outono-em-peniche-um-convite-ao-surf\/#primaryimage"},"thumbnailUrl":"https:\/\/specialsurf78.com\/wp-content\/uploads\/2025\/09\/P1507787.jpg","datePublished":"2025-09-03T08:52:06+00:00","dateModified":"2025-09-03T13:51:01+00:00","breadcrumb":{"@id":"https:\/\/specialsurf78.com\/o-outono-em-peniche-um-convite-ao-surf\/#breadcrumb"},"inLanguage":"de","potentialAction":[{"@type":"ReadAction","target":["https:\/\/specialsurf78.com\/o-outono-em-peniche-um-convite-ao-surf\/"]}]},{"@type":"ImageObject","inLanguage":"de","@id":"https:\/\/specialsurf78.com\/o-outono-em-peniche-um-convite-ao-surf\/#primaryimage","url":"https:\/\/specialsurf78.com\/wp-content\/uploads\/2025\/09\/P1507787.jpg","contentUrl":"https:\/\/specialsurf78.com\/wp-content\/uploads\/2025\/09\/P1507787.jpg","width":1920,"height":1441},{"@type":"BreadcrumbList","@id":"https:\/\/specialsurf78.com\/o-outono-em-peniche-um-convite-ao-surf\/#breadcrumb","itemListElement":[{"@type":"ListItem","position":1,"name":"In\u00edcio","item":"https:\/\/specialsurf78.com\/"},{"@type":"ListItem","position":2,"name":"O Outono em Peniche: um convite ao surf"}]},{"@type":"WebSite","@id":"https:\/\/specialsurf78.com\/pt\/#website","url":"https:\/\/specialsurf78.com\/pt\/","name":"specialsurf78","description":"Peniche | Baleal | Escola de Surf","publisher":{"@id":"https:\/\/specialsurf78.com\/pt\/#organization"},"potentialAction":[{"@type":"SearchAction","target":{"@type":"EntryPoint","urlTemplate":"https:\/\/specialsurf78.com\/pt\/?s={search_term_string}"},"query-input":{"@type":"PropertyValueSpecification","valueRequired":true,"valueName":"search_term_string"}}],"inLanguage":"de"},{"@type":"Organization","@id":"https:\/\/specialsurf78.com\/pt\/#organization","name":"Special Surf 78","url":"https:\/\/specialsurf78.com\/pt\/","logo":{"@type":"ImageObject","inLanguage":"de","@id":"https:\/\/specialsurf78.com\/pt\/#\/schema\/logo\/image\/","url":"https:\/\/specialsurf78.com\/wp-content\/uploads\/2021\/03\/logo_mail.png","contentUrl":"https:\/\/specialsurf78.com\/wp-content\/uploads\/2021\/03\/logo_mail.png","width":200,"height":111,"caption":"Special Surf 78"},"image":{"@id":"https:\/\/specialsurf78.com\/pt\/#\/schema\/logo\/image\/"},"sameAs":["https:\/\/www.facebook.com\/specialsurf78\/","https:\/\/www.instagram.com\/specialsurf78\/","https:\/\/pt.linkedin.com\/in\/specialsurf78","https:\/\/www.youtube.com\/user\/Specialsurf78"]},{"@type":"Person","@id":"https:\/\/specialsurf78.com\/pt\/#\/schema\/person\/8bff00df46a42d05dcc82b3086b0aa95","name":"geral@controlink.pt","image":{"@type":"ImageObject","inLanguage":"de","@id":"https:\/\/secure.gravatar.com\/avatar\/8ba4334235354d01914616177ef7510adcbda565c054b8fb9d04835f8493c052?s=96&d=mm&r=g","url":"https:\/\/secure.gravatar.com\/avatar\/8ba4334235354d01914616177ef7510adcbda565c054b8fb9d04835f8493c052?s=96&d=mm&r=g","contentUrl":"https:\/\/secure.gravatar.com\/avatar\/8ba4334235354d01914616177ef7510adcbda565c054b8fb9d04835f8493c052?s=96&d=mm&r=g","caption":"geral@controlink.pt"},"sameAs":["https:\/\/specialsurf78.com"]}]}},"_links":{"self":[{"href":"https:\/\/specialsurf78.com\/de\/wp-json\/wp\/v2\/posts\/9085","targetHints":{"allow":["GET"]}}],"collection":[{"href":"https:\/\/specialsurf78.com\/de\/wp-json\/wp\/v2\/posts"}],"about":[{"href":"https:\/\/specialsurf78.com\/de\/wp-json\/wp\/v2\/types\/post"}],"author":[{"embeddable":true,"href":"https:\/\/specialsurf78.com\/de\/wp-json\/wp\/v2\/users\/1"}],"replies":[{"embeddable":true,"href":"https:\/\/specialsurf78.com\/de\/wp-json\/wp\/v2\/comments?post=9085"}],"version-history":[{"count":10,"href":"https:\/\/specialsurf78.com\/de\/wp-json\/wp\/v2\/posts\/9085\/revisions"}],"predecessor-version":[{"id":9096,"href":"https:\/\/specialsurf78.com\/de\/wp-json\/wp\/v2\/posts\/9085\/revisions\/9096"}],"wp:featuredmedia":[{"embeddable":true,"href":"https:\/\/specialsurf78.com\/de\/wp-json\/wp\/v2\/media\/9090"}],"wp:attachment":[{"href":"https:\/\/specialsurf78.com\/de\/wp-json\/wp\/v2\/media?parent=9085"}],"wp:term":[{"taxonomy":"category","embeddable":true,"href":"https:\/\/specialsurf78.com\/de\/wp-json\/wp\/v2\/categories?post=9085"},{"taxonomy":"post_tag","embeddable":true,"href":"https:\/\/specialsurf78.com\/de\/wp-json\/wp\/v2\/tags?post=9085"}],"curies":[{"name":"wp","href":"https:\/\/api.w.org\/{rel}","templated":true}]}}